{"id":709,"date":"2026-03-01T12:20:33","date_gmt":"2026-03-01T12:20:33","guid":{"rendered":"https:\/\/www.alfonsea.com\/?p=709"},"modified":"2026-03-09T10:37:48","modified_gmt":"2026-03-09T10:37:48","slug":"indemnizacion-por-despido","status":"publish","type":"post","link":"https:\/\/www.alfonsea.com\/es\/indemnizacion-por-despido\/","title":{"rendered":"Indemnizaci\u00f3n por despido aplazada \u00bftributa en Patrimonio?"},"content":{"rendered":"<p>A menudo, en <span style=\"color: #339966;\">indemnizaciones<\/span> por <span style=\"color: #339966;\">despido<\/span> de altos directivos, se manejan diversas variables para tributar lo menos posible. Cuestiones como qu\u00e9 parte quedar\u00e1 exenta de <span style=\"color: #339966;\">IRPF<\/span>, las posibles reducciones del 30% por irregularidad y la realizaci\u00f3n del pago aplazado de la indemnizaci\u00f3n por despido \u2013que permiten rebajar la progresividad del impuesto- son opciones que entran en el estudio.<\/p>\n<p>Sin embargo, hay una cuesti\u00f3n que raramente se tiene en cuenta: el coste en Impuesto de Patrimonio.<\/p>\n<p>Con independencia de que una<span style=\"color: #339966;\"> indemnizaci\u00f3n<\/span> por <span style=\"color: #339966;\">despido<\/span> est\u00e9 o no exenta del Impuesto, debe computarse, mientras no sea cobrada, como parte de la base imponible del <a href=\"https:\/\/www.agenciatributaria.es\/AEAT.internet\/Inicio\/La_Agencia_Tributaria\/Normativa\/Normativa_tributaria_y_aduanera\/Impuestos\/Impuesto_sobre_el_Patrimonio\/Impuesto_sobre_el_Patrimonio.shtml\" target=\"_blank\" rel=\"noopener\">Impuesto de Patrimonio<\/a>. Dependiendo del importe de la mismas y del patrimonio preexistente, el importe puede ser digno de considerarse.<\/p>\n<p>Asimismo, recordemos que las <span style=\"color: #339966;\">indemnizaciones<\/span> por <span style=\"color: #339966;\">despido<\/span> debe computarse como parte de la base imponible del Impuesto de Patrimonio a los efectos de determinar el l\u00edmite de la cuota \u00edntegra del mismo.<\/p>\n<p>\u00bfQuieres aprender c\u00f3mo reducir tus impuestos? Puedes consultar de forma gratuita nuestro Ebook <em><a href=\"https:\/\/www.alfonsea.com\/ebook\/el-camino.pdf\" target=\"_blank\" rel=\"noopener\">El camino para reducir tus impuestos<\/a>,\u00a0<\/em>escrito por Daniel Gim\u00e9nez.<\/p>\n<p>Tambi\u00e9n nos puedes hacer tus<a href=\"https:\/\/www.alfonsea.com\/es\/contacto\/\"> consultas<\/a> a trav\u00e9s de este formulario, nos pondremos en contacto contigo para resolver tus dudas.<\/p>\n","protected":false},"excerpt":{"rendered":"<p>A menudo, en indemnizaciones por despido de altos directivos, se manejan diversas variables para tributar lo menos posible. Cuestiones como qu\u00e9 parte quedar\u00e1 exenta de IRPF, las posibles reducciones del 30% por irregularidad y la realizaci\u00f3n del pago aplazado de la indemnizaci\u00f3n por despido \u2013que permiten rebajar la progresividad del impuesto- son opciones que entran [&hellip;]<\/p>\n","protected":false},"author":6,"featured_media":710,"comment_status":"open","ping_status":"open","sticky":false,"template":"","format":"standard","meta":{"_et_pb_use_builder":"","_et_pb_old_content":"","_et_gb_content_width":"","footnotes":""},"categories":[52],"tags":[],"yoast_head":"<!-- This site is optimized with the Yoast SEO plugin v22.6 - https:\/\/yoast.com\/wordpress\/plugins\/seo\/ -->\n<title>Indemnizaci\u00f3n por despido aplazada \u00bftributa en Patrimonio?<\/title>\n<meta name=\"description\" content=\"A menudo, la indemnizaci\u00f3n por despido de altos directivos, se manejan diversas variables para tributar lo menos posible.\" \/>\n<meta name=\"robots\" content=\"index, follow, max-snippet:-1, max-image-preview:large, max-video-preview:-1\" \/>\n<link rel=\"canonical\" href=\"https:\/\/www.alfonsea.com\/es\/indemnizacion-por-despido\/\" \/>\n<meta property=\"og:locale\" content=\"es_ES\" \/>\n<meta property=\"og:type\" content=\"article\" \/>\n<meta property=\"og:title\" content=\"Indemnizaci\u00f3n por despido aplazada \u00bftributa en Patrimonio?\" \/>\n<meta property=\"og:description\" content=\"A menudo, la indemnizaci\u00f3n por despido de altos directivos, se manejan diversas variables para tributar lo menos posible.\" \/>\n<meta property=\"og:url\" content=\"https:\/\/www.alfonsea.com\/es\/indemnizacion-por-despido\/\" \/>\n<meta property=\"og:site_name\" content=\"Alfonsea\" \/>\n<meta property=\"article:published_time\" content=\"2026-03-01T12:20:33+00:00\" \/>\n<meta property=\"article:modified_time\" content=\"2026-03-09T10:37:48+00:00\" \/>\n<meta property=\"og:image\" content=\"https:\/\/www.alfonsea.com\/wp-content\/uploads\/2020\/04\/indemnizacion-despido.jpg\" \/>\n\t<meta property=\"og:image:width\" content=\"550\" \/>\n\t<meta property=\"og:image:height\" content=\"300\" \/>\n\t<meta property=\"og:image:type\" content=\"image\/jpeg\" \/>\n<meta name=\"author\" content=\"Digital Services\" \/>\n<meta name=\"twitter:card\" content=\"summary_large_image\" \/>\n<meta name=\"twitter:label1\" content=\"Escrito por\" \/>\n\t<meta name=\"twitter:data1\" content=\"Digital Services\" \/>\n\t<meta name=\"twitter:label2\" content=\"Tiempo de lectura\" \/>\n\t<meta name=\"twitter:data2\" content=\"2 minutos\" \/>\n<script type=\"application\/ld+json\" class=\"yoast-schema-graph\">{\"@context\":\"https:\/\/schema.org\",\"@graph\":[{\"@type\":\"Article\",\"@id\":\"https:\/\/www.alfonsea.com\/es\/indemnizacion-por-despido\/#article\",\"isPartOf\":{\"@id\":\"https:\/\/www.alfonsea.com\/es\/indemnizacion-por-despido\/\"},\"author\":{\"name\":\"Digital Services\",\"@id\":\"https:\/\/www.alfonsea.com\/#\/schema\/person\/16c5af9813c5676046f9b6bf9945d82f\"},\"headline\":\"Indemnizaci\u00f3n por despido aplazada \u00bftributa en Patrimonio?\",\"datePublished\":\"2026-03-01T12:20:33+00:00\",\"dateModified\":\"2026-03-09T10:37:48+00:00\",\"mainEntityOfPage\":{\"@id\":\"https:\/\/www.alfonsea.com\/es\/indemnizacion-por-despido\/\"},\"wordCount\":213,\"commentCount\":0,\"publisher\":{\"@id\":\"https:\/\/www.alfonsea.com\/#organization\"},\"image\":{\"@id\":\"https:\/\/www.alfonsea.com\/es\/indemnizacion-por-despido\/#primaryimage\"},\"thumbnailUrl\":\"https:\/\/www.alfonsea.com\/wp-content\/uploads\/2020\/04\/indemnizacion-despido.jpg\",\"articleSection\":[\"Consejos fiscales\"],\"inLanguage\":\"es\",\"potentialAction\":[{\"@type\":\"CommentAction\",\"name\":\"Comment\",\"target\":[\"https:\/\/www.alfonsea.com\/es\/indemnizacion-por-despido\/#respond\"]}]},{\"@type\":\"WebPage\",\"@id\":\"https:\/\/www.alfonsea.com\/es\/indemnizacion-por-despido\/\",\"url\":\"https:\/\/www.alfonsea.com\/es\/indemnizacion-por-despido\/\",\"name\":\"Indemnizaci\u00f3n por despido aplazada \u00bftributa en Patrimonio?\",\"isPartOf\":{\"@id\":\"https:\/\/www.alfonsea.com\/#website\"},\"primaryImageOfPage\":{\"@id\":\"https:\/\/www.alfonsea.com\/es\/indemnizacion-por-despido\/#primaryimage\"},\"image\":{\"@id\":\"https:\/\/www.alfonsea.com\/es\/indemnizacion-por-despido\/#primaryimage\"},\"thumbnailUrl\":\"https:\/\/www.alfonsea.com\/wp-content\/uploads\/2020\/04\/indemnizacion-despido.jpg\",\"datePublished\":\"2026-03-01T12:20:33+00:00\",\"dateModified\":\"2026-03-09T10:37:48+00:00\",\"description\":\"A menudo, la indemnizaci\u00f3n por despido de altos directivos, se manejan diversas variables para tributar lo menos posible.\",\"breadcrumb\":{\"@id\":\"https:\/\/www.alfonsea.com\/es\/indemnizacion-por-despido\/#breadcrumb\"},\"inLanguage\":\"es\",\"potentialAction\":[{\"@type\":\"ReadAction\",\"target\":[\"https:\/\/www.alfonsea.com\/es\/indemnizacion-por-despido\/\"]}]},{\"@type\":\"ImageObject\",\"inLanguage\":\"es\",\"@id\":\"https:\/\/www.alfonsea.com\/es\/indemnizacion-por-despido\/#primaryimage\",\"url\":\"https:\/\/www.alfonsea.com\/wp-content\/uploads\/2020\/04\/indemnizacion-despido.jpg\",\"contentUrl\":\"https:\/\/www.alfonsea.com\/wp-content\/uploads\/2020\/04\/indemnizacion-despido.jpg\",\"width\":550,\"height\":300,\"caption\":\"Indemnizaci\u00f3n por despido\"},{\"@type\":\"BreadcrumbList\",\"@id\":\"https:\/\/www.alfonsea.com\/es\/indemnizacion-por-despido\/#breadcrumb\",\"itemListElement\":[{\"@type\":\"ListItem\",\"position\":1,\"name\":\"Home\",\"item\":\"https:\/\/www.alfonsea.com\/es\/\"},{\"@type\":\"ListItem\",\"position\":2,\"name\":\"Indemnizaci\u00f3n por despido aplazada \u00bftributa en Patrimonio?\"}]},{\"@type\":\"WebSite\",\"@id\":\"https:\/\/www.alfonsea.com\/#website\",\"url\":\"https:\/\/www.alfonsea.com\/\",\"name\":\"Alfonsea\",\"description\":\"Specialists in Bussiness and Tax advising since 1995  \",\"publisher\":{\"@id\":\"https:\/\/www.alfonsea.com\/#organization\"},\"potentialAction\":[{\"@type\":\"SearchAction\",\"target\":{\"@type\":\"EntryPoint\",\"urlTemplate\":\"https:\/\/www.alfonsea.com\/?s={search_term_string}\"},\"query-input\":\"required name=search_term_string\"}],\"inLanguage\":\"es\"},{\"@type\":\"Organization\",\"@id\":\"https:\/\/www.alfonsea.com\/#organization\",\"name\":\"Alfonsea\",\"url\":\"https:\/\/www.alfonsea.com\/\",\"logo\":{\"@type\":\"ImageObject\",\"inLanguage\":\"es\",\"@id\":\"https:\/\/www.alfonsea.com\/#\/schema\/logo\/image\/\",\"url\":\"https:\/\/www.alfonsea.com\/wp-content\/uploads\/2020\/03\/logo_alfonsea_1.png\",\"contentUrl\":\"https:\/\/www.alfonsea.com\/wp-content\/uploads\/2020\/03\/logo_alfonsea_1.png\",\"width\":838,\"height\":343,\"caption\":\"Alfonsea\"},\"image\":{\"@id\":\"https:\/\/www.alfonsea.com\/#\/schema\/logo\/image\/\"}},{\"@type\":\"Person\",\"@id\":\"https:\/\/www.alfonsea.com\/#\/schema\/person\/16c5af9813c5676046f9b6bf9945d82f\",\"name\":\"Digital Services\",\"image\":{\"@type\":\"ImageObject\",\"inLanguage\":\"es\",\"@id\":\"https:\/\/www.alfonsea.com\/#\/schema\/person\/image\/\",\"url\":\"https:\/\/secure.gravatar.com\/avatar\/8f6f533b241877ec0f1bc40b600499cf?s=96&d=mm&r=g\",\"contentUrl\":\"https:\/\/secure.gravatar.com\/avatar\/8f6f533b241877ec0f1bc40b600499cf?s=96&d=mm&r=g\",\"caption\":\"Digital Services\"}}]}<\/script>\n<!-- \/ Yoast SEO plugin. -->","yoast_head_json":{"title":"Indemnizaci\u00f3n por despido aplazada \u00bftributa en Patrimonio?","description":"A menudo, la indemnizaci\u00f3n por despido de altos directivos, se manejan diversas variables para tributar lo menos posible.","robots":{"index":"index","follow":"follow","max-snippet":"max-snippet:-1","max-image-preview":"max-image-preview:large","max-video-preview":"max-video-preview:-1"},"canonical":"https:\/\/www.alfonsea.com\/es\/indemnizacion-por-despido\/","og_locale":"es_ES","og_type":"article","og_title":"Indemnizaci\u00f3n por despido aplazada \u00bftributa en Patrimonio?","og_description":"A menudo, la indemnizaci\u00f3n por despido de altos directivos, se manejan diversas variables para tributar lo menos posible.","og_url":"https:\/\/www.alfonsea.com\/es\/indemnizacion-por-despido\/","og_site_name":"Alfonsea","article_published_time":"2026-03-01T12:20:33+00:00","article_modified_time":"2026-03-09T10:37:48+00:00","og_image":[{"width":550,"height":300,"url":"https:\/\/www.alfonsea.com\/wp-content\/uploads\/2020\/04\/indemnizacion-despido.jpg","type":"image\/jpeg"}],"author":"Digital Services","twitter_card":"summary_large_image","twitter_misc":{"Escrito por":"Digital Services","Tiempo de lectura":"2 minutos"},"schema":{"@context":"https:\/\/schema.org","@graph":[{"@type":"Article","@id":"https:\/\/www.alfonsea.com\/es\/indemnizacion-por-despido\/#article","isPartOf":{"@id":"https:\/\/www.alfonsea.com\/es\/indemnizacion-por-despido\/"},"author":{"name":"Digital Services","@id":"https:\/\/www.alfonsea.com\/#\/schema\/person\/16c5af9813c5676046f9b6bf9945d82f"},"headline":"Indemnizaci\u00f3n por despido aplazada \u00bftributa en Patrimonio?","datePublished":"2026-03-01T12:20:33+00:00","dateModified":"2026-03-09T10:37:48+00:00","mainEntityOfPage":{"@id":"https:\/\/www.alfonsea.com\/es\/indemnizacion-por-despido\/"},"wordCount":213,"commentCount":0,"publisher":{"@id":"https:\/\/www.alfonsea.com\/#organization"},"image":{"@id":"https:\/\/www.alfonsea.com\/es\/indemnizacion-por-despido\/#primaryimage"},"thumbnailUrl":"https:\/\/www.alfonsea.com\/wp-content\/uploads\/2020\/04\/indemnizacion-despido.jpg","articleSection":["Consejos fiscales"],"inLanguage":"es","potentialAction":[{"@type":"CommentAction","name":"Comment","target":["https:\/\/www.alfonsea.com\/es\/indemnizacion-por-despido\/#respond"]}]},{"@type":"WebPage","@id":"https:\/\/www.alfonsea.com\/es\/indemnizacion-por-despido\/","url":"https:\/\/www.alfonsea.com\/es\/indemnizacion-por-despido\/","name":"Indemnizaci\u00f3n por despido aplazada \u00bftributa en Patrimonio?","isPartOf":{"@id":"https:\/\/www.alfonsea.com\/#website"},"primaryImageOfPage":{"@id":"https:\/\/www.alfonsea.com\/es\/indemnizacion-por-despido\/#primaryimage"},"image":{"@id":"https:\/\/www.alfonsea.com\/es\/indemnizacion-por-despido\/#primaryimage"},"thumbnailUrl":"https:\/\/www.alfonsea.com\/wp-content\/uploads\/2020\/04\/indemnizacion-despido.jpg","datePublished":"2026-03-01T12:20:33+00:00","dateModified":"2026-03-09T10:37:48+00:00","description":"A menudo, la indemnizaci\u00f3n por despido de altos directivos, se manejan diversas variables para tributar lo menos posible.","breadcrumb":{"@id":"https:\/\/www.alfonsea.com\/es\/indemnizacion-por-despido\/#breadcrumb"},"inLanguage":"es","potentialAction":[{"@type":"ReadAction","target":["https:\/\/www.alfonsea.com\/es\/indemnizacion-por-despido\/"]}]},{"@type":"ImageObject","inLanguage":"es","@id":"https:\/\/www.alfonsea.com\/es\/indemnizacion-por-despido\/#primaryimage","url":"https:\/\/www.alfonsea.com\/wp-content\/uploads\/2020\/04\/indemnizacion-despido.jpg","contentUrl":"https:\/\/www.alfonsea.com\/wp-content\/uploads\/2020\/04\/indemnizacion-despido.jpg","width":550,"height":300,"caption":"Indemnizaci\u00f3n por despido"},{"@type":"BreadcrumbList","@id":"https:\/\/www.alfonsea.com\/es\/indemnizacion-por-despido\/#breadcrumb","itemListElement":[{"@type":"ListItem","position":1,"name":"Home","item":"https:\/\/www.alfonsea.com\/es\/"},{"@type":"ListItem","position":2,"name":"Indemnizaci\u00f3n por despido aplazada \u00bftributa en Patrimonio?"}]},{"@type":"WebSite","@id":"https:\/\/www.alfonsea.com\/#website","url":"https:\/\/www.alfonsea.com\/","name":"Alfonsea","description":"Specialists in Bussiness and Tax advising since 1995  ","publisher":{"@id":"https:\/\/www.alfonsea.com\/#organization"},"potentialAction":[{"@type":"SearchAction","target":{"@type":"EntryPoint","urlTemplate":"https:\/\/www.alfonsea.com\/?s={search_term_string}"},"query-input":"required name=search_term_string"}],"inLanguage":"es"},{"@type":"Organization","@id":"https:\/\/www.alfonsea.com\/#organization","name":"Alfonsea","url":"https:\/\/www.alfonsea.com\/","logo":{"@type":"ImageObject","inLanguage":"es","@id":"https:\/\/www.alfonsea.com\/#\/schema\/logo\/image\/","url":"https:\/\/www.alfonsea.com\/wp-content\/uploads\/2020\/03\/logo_alfonsea_1.png","contentUrl":"https:\/\/www.alfonsea.com\/wp-content\/uploads\/2020\/03\/logo_alfonsea_1.png","width":838,"height":343,"caption":"Alfonsea"},"image":{"@id":"https:\/\/www.alfonsea.com\/#\/schema\/logo\/image\/"}},{"@type":"Person","@id":"https:\/\/www.alfonsea.com\/#\/schema\/person\/16c5af9813c5676046f9b6bf9945d82f","name":"Digital Services","image":{"@type":"ImageObject","inLanguage":"es","@id":"https:\/\/www.alfonsea.com\/#\/schema\/person\/image\/","url":"https:\/\/secure.gravatar.com\/avatar\/8f6f533b241877ec0f1bc40b600499cf?s=96&d=mm&r=g","contentUrl":"https:\/\/secure.gravatar.com\/avatar\/8f6f533b241877ec0f1bc40b600499cf?s=96&d=mm&r=g","caption":"Digital Services"}}]}},"_links":{"self":[{"href":"https:\/\/www.alfonsea.com\/es\/wp-json\/wp\/v2\/posts\/709"}],"collection":[{"href":"https:\/\/www.alfonsea.com\/es\/wp-json\/wp\/v2\/posts"}],"about":[{"href":"https:\/\/www.alfonsea.com\/es\/wp-json\/wp\/v2\/types\/post"}],"author":[{"embeddable":true,"href":"https:\/\/www.alfonsea.com\/es\/wp-json\/wp\/v2\/users\/6"}],"replies":[{"embeddable":true,"href":"https:\/\/www.alfonsea.com\/es\/wp-json\/wp\/v2\/comments?post=709"}],"version-history":[{"count":5,"href":"https:\/\/www.alfonsea.com\/es\/wp-json\/wp\/v2\/posts\/709\/revisions"}],"predecessor-version":[{"id":1585,"href":"https:\/\/www.alfonsea.com\/es\/wp-json\/wp\/v2\/posts\/709\/revisions\/1585"}],"wp:featuredmedia":[{"embeddable":true,"href":"https:\/\/www.alfonsea.com\/es\/wp-json\/wp\/v2\/media\/710"}],"wp:attachment":[{"href":"https:\/\/www.alfonsea.com\/es\/wp-json\/wp\/v2\/media?parent=709"}],"wp:term":[{"taxonomy":"category","embeddable":true,"href":"https:\/\/www.alfonsea.com\/es\/wp-json\/wp\/v2\/categories?post=709"},{"taxonomy":"post_tag","embeddable":true,"href":"https:\/\/www.alfonsea.com\/es\/wp-json\/wp\/v2\/tags?post=709"}],"curies":[{"name":"wp","href":"https:\/\/api.w.org\/{rel}","templated":true}]}}