{"id":713,"date":"2026-03-01T14:51:11","date_gmt":"2026-03-01T14:51:11","guid":{"rendered":"https:\/\/www.alfonsea.com\/?p=713"},"modified":"2026-03-09T10:38:45","modified_gmt":"2026-03-09T10:38:45","slug":"subarrendamiento-de-piso-turistico-se-emite-factura","status":"publish","type":"post","link":"https:\/\/www.alfonsea.com\/es\/subarrendamiento-de-piso-turistico-se-emite-factura\/","title":{"rendered":"Subarrendamiento de piso tur\u00edstico, \u00bfse emite factura?"},"content":{"rendered":"<p>En los \u00faltimos a\u00f1os han proliferado los negocios en los cuales una persona arrienda un inmueble y posteriormente lo subarrienda a particulares como piso tur\u00edstico<a href=\"https:\/\/www.alfonsea.com\/es\/el-alquiler-turistico-con-iva-o-sin-iva\/\" target=\"_blank\" rel=\"noopener\">.<\/a> Existen muchas dudas acerca de las obligaciones fiscales que aplican a este tipo de negocio.<\/p>\n<p>\u00bfDebe emitir\u00a0factura?<\/p>\n<p>Pues la clave est\u00e1 en el IVA.<\/p>\n<p>Si el subarrendamiento del piso tur\u00edstico va acompa\u00f1ado de los servicios complementarios propios de la industria hotelera (cambio diario de s\u00e1banas y toallas, limpieza, servicio de habitaciones, desayunos, etc.) entonces la operaci\u00f3n estar\u00e1 sujeta y no exenta de IVA y, por tanto, ser\u00e1 obligatorio la emisi\u00f3n de factura.<\/p>\n<p>Si, por el contrario, es un simple subarrendamiento sin servicios, la operaci\u00f3n estar\u00e1 exenta de IVA y no deber\u00e1 emitirse factura. En este sentido, el cambio de s\u00e1banas y limpieza al inicio y final de la estancia no se considera servicio complementario de la industria hotelera.<\/p>\n","protected":false},"excerpt":{"rendered":"<p>En los \u00faltimos a\u00f1os han proliferado los negocios en los cuales una persona arrienda un inmueble y posteriormente lo subarrienda a particulares como piso tur\u00edstico. Existen muchas dudas acerca de las obligaciones fiscales que aplican a este tipo de negocio. \u00bfDebe emitir\u00a0factura? Pues la clave est\u00e1 en el IVA. Si el subarrendamiento del piso tur\u00edstico [&hellip;]<\/p>\n","protected":false},"author":6,"featured_media":714,"comment_status":"open","ping_status":"open","sticky":false,"template":"","format":"standard","meta":{"_et_pb_use_builder":"","_et_pb_old_content":"","_et_gb_content_width":"","footnotes":""},"categories":[52],"tags":[],"yoast_head":"<!-- This site is optimized with the Yoast SEO plugin v22.6 - https:\/\/yoast.com\/wordpress\/plugins\/seo\/ -->\n<title>Subarrendamiento de piso tur\u00edstico, \u00bfse emite factura?<\/title>\n<meta name=\"description\" content=\"En los \u00faltimos a\u00f1os han proliferado los negocios en los cuales una persona arrienda un inmueble y posteriormente lo subarrienda a particulares como piso\" \/>\n<meta name=\"robots\" content=\"index, follow, max-snippet:-1, max-image-preview:large, max-video-preview:-1\" \/>\n<link rel=\"canonical\" href=\"https:\/\/www.alfonsea.com\/es\/subarrendamiento-de-piso-turistico-se-emite-factura\/\" \/>\n<meta property=\"og:locale\" content=\"es_ES\" \/>\n<meta property=\"og:type\" content=\"article\" \/>\n<meta property=\"og:title\" content=\"Subarrendamiento de piso tur\u00edstico, \u00bfse emite factura?\" \/>\n<meta property=\"og:description\" content=\"En los \u00faltimos a\u00f1os han proliferado los negocios en los cuales una persona arrienda un inmueble y posteriormente lo subarrienda a particulares como piso\" \/>\n<meta property=\"og:url\" content=\"https:\/\/www.alfonsea.com\/es\/subarrendamiento-de-piso-turistico-se-emite-factura\/\" \/>\n<meta property=\"og:site_name\" content=\"Alfonsea\" \/>\n<meta property=\"article:published_time\" content=\"2026-03-01T14:51:11+00:00\" \/>\n<meta property=\"article:modified_time\" content=\"2026-03-09T10:38:45+00:00\" \/>\n<meta property=\"og:image\" content=\"https:\/\/www.alfonsea.com\/wp-content\/uploads\/2020\/04\/se-puede-subarrendar-una-vivienda-arrendada-8b38574.jpg\" \/>\n\t<meta property=\"og:image:width\" content=\"630\" \/>\n\t<meta property=\"og:image:height\" content=\"300\" \/>\n\t<meta property=\"og:image:type\" content=\"image\/jpeg\" \/>\n<meta name=\"author\" content=\"Digital Services\" \/>\n<meta name=\"twitter:card\" content=\"summary_large_image\" \/>\n<meta name=\"twitter:label1\" content=\"Escrito por\" \/>\n\t<meta name=\"twitter:data1\" content=\"Digital Services\" \/>\n\t<meta name=\"twitter:label2\" content=\"Tiempo de lectura\" \/>\n\t<meta name=\"twitter:data2\" content=\"1 minuto\" \/>\n<script type=\"application\/ld+json\" class=\"yoast-schema-graph\">{\"@context\":\"https:\/\/schema.org\",\"@graph\":[{\"@type\":\"Article\",\"@id\":\"https:\/\/www.alfonsea.com\/es\/subarrendamiento-de-piso-turistico-se-emite-factura\/#article\",\"isPartOf\":{\"@id\":\"https:\/\/www.alfonsea.com\/es\/subarrendamiento-de-piso-turistico-se-emite-factura\/\"},\"author\":{\"name\":\"Digital Services\",\"@id\":\"https:\/\/www.alfonsea.com\/#\/schema\/person\/16c5af9813c5676046f9b6bf9945d82f\"},\"headline\":\"Subarrendamiento de piso tur\u00edstico, \u00bfse emite factura?\",\"datePublished\":\"2026-03-01T14:51:11+00:00\",\"dateModified\":\"2026-03-09T10:38:45+00:00\",\"mainEntityOfPage\":{\"@id\":\"https:\/\/www.alfonsea.com\/es\/subarrendamiento-de-piso-turistico-se-emite-factura\/\"},\"wordCount\":161,\"commentCount\":0,\"publisher\":{\"@id\":\"https:\/\/www.alfonsea.com\/#organization\"},\"image\":{\"@id\":\"https:\/\/www.alfonsea.com\/es\/subarrendamiento-de-piso-turistico-se-emite-factura\/#primaryimage\"},\"thumbnailUrl\":\"https:\/\/www.alfonsea.com\/wp-content\/uploads\/2020\/04\/se-puede-subarrendar-una-vivienda-arrendada-8b38574.jpg\",\"articleSection\":[\"Consejos fiscales\"],\"inLanguage\":\"es\",\"potentialAction\":[{\"@type\":\"CommentAction\",\"name\":\"Comment\",\"target\":[\"https:\/\/www.alfonsea.com\/es\/subarrendamiento-de-piso-turistico-se-emite-factura\/#respond\"]}]},{\"@type\":\"WebPage\",\"@id\":\"https:\/\/www.alfonsea.com\/es\/subarrendamiento-de-piso-turistico-se-emite-factura\/\",\"url\":\"https:\/\/www.alfonsea.com\/es\/subarrendamiento-de-piso-turistico-se-emite-factura\/\",\"name\":\"Subarrendamiento de piso tur\u00edstico, \u00bfse emite factura?\",\"isPartOf\":{\"@id\":\"https:\/\/www.alfonsea.com\/#website\"},\"primaryImageOfPage\":{\"@id\":\"https:\/\/www.alfonsea.com\/es\/subarrendamiento-de-piso-turistico-se-emite-factura\/#primaryimage\"},\"image\":{\"@id\":\"https:\/\/www.alfonsea.com\/es\/subarrendamiento-de-piso-turistico-se-emite-factura\/#primaryimage\"},\"thumbnailUrl\":\"https:\/\/www.alfonsea.com\/wp-content\/uploads\/2020\/04\/se-puede-subarrendar-una-vivienda-arrendada-8b38574.jpg\",\"datePublished\":\"2026-03-01T14:51:11+00:00\",\"dateModified\":\"2026-03-09T10:38:45+00:00\",\"description\":\"En los \u00faltimos a\u00f1os han proliferado los negocios en los cuales una persona arrienda un inmueble y posteriormente lo subarrienda a particulares como piso\",\"breadcrumb\":{\"@id\":\"https:\/\/www.alfonsea.com\/es\/subarrendamiento-de-piso-turistico-se-emite-factura\/#breadcrumb\"},\"inLanguage\":\"es\",\"potentialAction\":[{\"@type\":\"ReadAction\",\"target\":[\"https:\/\/www.alfonsea.com\/es\/subarrendamiento-de-piso-turistico-se-emite-factura\/\"]}]},{\"@type\":\"ImageObject\",\"inLanguage\":\"es\",\"@id\":\"https:\/\/www.alfonsea.com\/es\/subarrendamiento-de-piso-turistico-se-emite-factura\/#primaryimage\",\"url\":\"https:\/\/www.alfonsea.com\/wp-content\/uploads\/2020\/04\/se-puede-subarrendar-una-vivienda-arrendada-8b38574.jpg\",\"contentUrl\":\"https:\/\/www.alfonsea.com\/wp-content\/uploads\/2020\/04\/se-puede-subarrendar-una-vivienda-arrendada-8b38574.jpg\",\"width\":630,\"height\":300,\"caption\":\"pisos tur\u00edsticos\"},{\"@type\":\"BreadcrumbList\",\"@id\":\"https:\/\/www.alfonsea.com\/es\/subarrendamiento-de-piso-turistico-se-emite-factura\/#breadcrumb\",\"itemListElement\":[{\"@type\":\"ListItem\",\"position\":1,\"name\":\"Home\",\"item\":\"https:\/\/www.alfonsea.com\/es\/\"},{\"@type\":\"ListItem\",\"position\":2,\"name\":\"Subarrendamiento de piso tur\u00edstico, \u00bfse emite factura?\"}]},{\"@type\":\"WebSite\",\"@id\":\"https:\/\/www.alfonsea.com\/#website\",\"url\":\"https:\/\/www.alfonsea.com\/\",\"name\":\"Alfonsea\",\"description\":\"Specialists in Bussiness and Tax advising since 1995  \",\"publisher\":{\"@id\":\"https:\/\/www.alfonsea.com\/#organization\"},\"potentialAction\":[{\"@type\":\"SearchAction\",\"target\":{\"@type\":\"EntryPoint\",\"urlTemplate\":\"https:\/\/www.alfonsea.com\/?s={search_term_string}\"},\"query-input\":\"required name=search_term_string\"}],\"inLanguage\":\"es\"},{\"@type\":\"Organization\",\"@id\":\"https:\/\/www.alfonsea.com\/#organization\",\"name\":\"Alfonsea\",\"url\":\"https:\/\/www.alfonsea.com\/\",\"logo\":{\"@type\":\"ImageObject\",\"inLanguage\":\"es\",\"@id\":\"https:\/\/www.alfonsea.com\/#\/schema\/logo\/image\/\",\"url\":\"https:\/\/www.alfonsea.com\/wp-content\/uploads\/2020\/03\/logo_alfonsea_1.png\",\"contentUrl\":\"https:\/\/www.alfonsea.com\/wp-content\/uploads\/2020\/03\/logo_alfonsea_1.png\",\"width\":838,\"height\":343,\"caption\":\"Alfonsea\"},\"image\":{\"@id\":\"https:\/\/www.alfonsea.com\/#\/schema\/logo\/image\/\"}},{\"@type\":\"Person\",\"@id\":\"https:\/\/www.alfonsea.com\/#\/schema\/person\/16c5af9813c5676046f9b6bf9945d82f\",\"name\":\"Digital Services\",\"image\":{\"@type\":\"ImageObject\",\"inLanguage\":\"es\",\"@id\":\"https:\/\/www.alfonsea.com\/#\/schema\/person\/image\/\",\"url\":\"https:\/\/secure.gravatar.com\/avatar\/8f6f533b241877ec0f1bc40b600499cf?s=96&d=mm&r=g\",\"contentUrl\":\"https:\/\/secure.gravatar.com\/avatar\/8f6f533b241877ec0f1bc40b600499cf?s=96&d=mm&r=g\",\"caption\":\"Digital Services\"}}]}<\/script>\n<!-- \/ Yoast SEO plugin. -->","yoast_head_json":{"title":"Subarrendamiento de piso tur\u00edstico, \u00bfse emite factura?","description":"En los \u00faltimos a\u00f1os han proliferado los negocios en los cuales una persona arrienda un inmueble y posteriormente lo subarrienda a particulares como piso","robots":{"index":"index","follow":"follow","max-snippet":"max-snippet:-1","max-image-preview":"max-image-preview:large","max-video-preview":"max-video-preview:-1"},"canonical":"https:\/\/www.alfonsea.com\/es\/subarrendamiento-de-piso-turistico-se-emite-factura\/","og_locale":"es_ES","og_type":"article","og_title":"Subarrendamiento de piso tur\u00edstico, \u00bfse emite factura?","og_description":"En los \u00faltimos a\u00f1os han proliferado los negocios en los cuales una persona arrienda un inmueble y posteriormente lo subarrienda a particulares como piso","og_url":"https:\/\/www.alfonsea.com\/es\/subarrendamiento-de-piso-turistico-se-emite-factura\/","og_site_name":"Alfonsea","article_published_time":"2026-03-01T14:51:11+00:00","article_modified_time":"2026-03-09T10:38:45+00:00","og_image":[{"width":630,"height":300,"url":"https:\/\/www.alfonsea.com\/wp-content\/uploads\/2020\/04\/se-puede-subarrendar-una-vivienda-arrendada-8b38574.jpg","type":"image\/jpeg"}],"author":"Digital Services","twitter_card":"summary_large_image","twitter_misc":{"Escrito por":"Digital Services","Tiempo de lectura":"1 minuto"},"schema":{"@context":"https:\/\/schema.org","@graph":[{"@type":"Article","@id":"https:\/\/www.alfonsea.com\/es\/subarrendamiento-de-piso-turistico-se-emite-factura\/#article","isPartOf":{"@id":"https:\/\/www.alfonsea.com\/es\/subarrendamiento-de-piso-turistico-se-emite-factura\/"},"author":{"name":"Digital Services","@id":"https:\/\/www.alfonsea.com\/#\/schema\/person\/16c5af9813c5676046f9b6bf9945d82f"},"headline":"Subarrendamiento de piso tur\u00edstico, \u00bfse emite factura?","datePublished":"2026-03-01T14:51:11+00:00","dateModified":"2026-03-09T10:38:45+00:00","mainEntityOfPage":{"@id":"https:\/\/www.alfonsea.com\/es\/subarrendamiento-de-piso-turistico-se-emite-factura\/"},"wordCount":161,"commentCount":0,"publisher":{"@id":"https:\/\/www.alfonsea.com\/#organization"},"image":{"@id":"https:\/\/www.alfonsea.com\/es\/subarrendamiento-de-piso-turistico-se-emite-factura\/#primaryimage"},"thumbnailUrl":"https:\/\/www.alfonsea.com\/wp-content\/uploads\/2020\/04\/se-puede-subarrendar-una-vivienda-arrendada-8b38574.jpg","articleSection":["Consejos fiscales"],"inLanguage":"es","potentialAction":[{"@type":"CommentAction","name":"Comment","target":["https:\/\/www.alfonsea.com\/es\/subarrendamiento-de-piso-turistico-se-emite-factura\/#respond"]}]},{"@type":"WebPage","@id":"https:\/\/www.alfonsea.com\/es\/subarrendamiento-de-piso-turistico-se-emite-factura\/","url":"https:\/\/www.alfonsea.com\/es\/subarrendamiento-de-piso-turistico-se-emite-factura\/","name":"Subarrendamiento de piso tur\u00edstico, \u00bfse emite factura?","isPartOf":{"@id":"https:\/\/www.alfonsea.com\/#website"},"primaryImageOfPage":{"@id":"https:\/\/www.alfonsea.com\/es\/subarrendamiento-de-piso-turistico-se-emite-factura\/#primaryimage"},"image":{"@id":"https:\/\/www.alfonsea.com\/es\/subarrendamiento-de-piso-turistico-se-emite-factura\/#primaryimage"},"thumbnailUrl":"https:\/\/www.alfonsea.com\/wp-content\/uploads\/2020\/04\/se-puede-subarrendar-una-vivienda-arrendada-8b38574.jpg","datePublished":"2026-03-01T14:51:11+00:00","dateModified":"2026-03-09T10:38:45+00:00","description":"En los \u00faltimos a\u00f1os han proliferado los negocios en los cuales una persona arrienda un inmueble y posteriormente lo subarrienda a particulares como piso","breadcrumb":{"@id":"https:\/\/www.alfonsea.com\/es\/subarrendamiento-de-piso-turistico-se-emite-factura\/#breadcrumb"},"inLanguage":"es","potentialAction":[{"@type":"ReadAction","target":["https:\/\/www.alfonsea.com\/es\/subarrendamiento-de-piso-turistico-se-emite-factura\/"]}]},{"@type":"ImageObject","inLanguage":"es","@id":"https:\/\/www.alfonsea.com\/es\/subarrendamiento-de-piso-turistico-se-emite-factura\/#primaryimage","url":"https:\/\/www.alfonsea.com\/wp-content\/uploads\/2020\/04\/se-puede-subarrendar-una-vivienda-arrendada-8b38574.jpg","contentUrl":"https:\/\/www.alfonsea.com\/wp-content\/uploads\/2020\/04\/se-puede-subarrendar-una-vivienda-arrendada-8b38574.jpg","width":630,"height":300,"caption":"pisos tur\u00edsticos"},{"@type":"BreadcrumbList","@id":"https:\/\/www.alfonsea.com\/es\/subarrendamiento-de-piso-turistico-se-emite-factura\/#breadcrumb","itemListElement":[{"@type":"ListItem","position":1,"name":"Home","item":"https:\/\/www.alfonsea.com\/es\/"},{"@type":"ListItem","position":2,"name":"Subarrendamiento de piso tur\u00edstico, \u00bfse emite factura?"}]},{"@type":"WebSite","@id":"https:\/\/www.alfonsea.com\/#website","url":"https:\/\/www.alfonsea.com\/","name":"Alfonsea","description":"Specialists in Bussiness and Tax advising since 1995  ","publisher":{"@id":"https:\/\/www.alfonsea.com\/#organization"},"potentialAction":[{"@type":"SearchAction","target":{"@type":"EntryPoint","urlTemplate":"https:\/\/www.alfonsea.com\/?s={search_term_string}"},"query-input":"required name=search_term_string"}],"inLanguage":"es"},{"@type":"Organization","@id":"https:\/\/www.alfonsea.com\/#organization","name":"Alfonsea","url":"https:\/\/www.alfonsea.com\/","logo":{"@type":"ImageObject","inLanguage":"es","@id":"https:\/\/www.alfonsea.com\/#\/schema\/logo\/image\/","url":"https:\/\/www.alfonsea.com\/wp-content\/uploads\/2020\/03\/logo_alfonsea_1.png","contentUrl":"https:\/\/www.alfonsea.com\/wp-content\/uploads\/2020\/03\/logo_alfonsea_1.png","width":838,"height":343,"caption":"Alfonsea"},"image":{"@id":"https:\/\/www.alfonsea.com\/#\/schema\/logo\/image\/"}},{"@type":"Person","@id":"https:\/\/www.alfonsea.com\/#\/schema\/person\/16c5af9813c5676046f9b6bf9945d82f","name":"Digital Services","image":{"@type":"ImageObject","inLanguage":"es","@id":"https:\/\/www.alfonsea.com\/#\/schema\/person\/image\/","url":"https:\/\/secure.gravatar.com\/avatar\/8f6f533b241877ec0f1bc40b600499cf?s=96&d=mm&r=g","contentUrl":"https:\/\/secure.gravatar.com\/avatar\/8f6f533b241877ec0f1bc40b600499cf?s=96&d=mm&r=g","caption":"Digital Services"}}]}},"_links":{"self":[{"href":"https:\/\/www.alfonsea.com\/es\/wp-json\/wp\/v2\/posts\/713"}],"collection":[{"href":"https:\/\/www.alfonsea.com\/es\/wp-json\/wp\/v2\/posts"}],"about":[{"href":"https:\/\/www.alfonsea.com\/es\/wp-json\/wp\/v2\/types\/post"}],"author":[{"embeddable":true,"href":"https:\/\/www.alfonsea.com\/es\/wp-json\/wp\/v2\/users\/6"}],"replies":[{"embeddable":true,"href":"https:\/\/www.alfonsea.com\/es\/wp-json\/wp\/v2\/comments?post=713"}],"version-history":[{"count":3,"href":"https:\/\/www.alfonsea.com\/es\/wp-json\/wp\/v2\/posts\/713\/revisions"}],"predecessor-version":[{"id":1589,"href":"https:\/\/www.alfonsea.com\/es\/wp-json\/wp\/v2\/posts\/713\/revisions\/1589"}],"wp:featuredmedia":[{"embeddable":true,"href":"https:\/\/www.alfonsea.com\/es\/wp-json\/wp\/v2\/media\/714"}],"wp:attachment":[{"href":"https:\/\/www.alfonsea.com\/es\/wp-json\/wp\/v2\/media?parent=713"}],"wp:term":[{"taxonomy":"category","embeddable":true,"href":"https:\/\/www.alfonsea.com\/es\/wp-json\/wp\/v2\/categories?post=713"},{"taxonomy":"post_tag","embeddable":true,"href":"https:\/\/www.alfonsea.com\/es\/wp-json\/wp\/v2\/tags?post=713"}],"curies":[{"name":"wp","href":"https:\/\/api.w.org\/{rel}","templated":true}]}}