{"id":729,"date":"2026-02-15T15:06:43","date_gmt":"2026-02-15T15:06:43","guid":{"rendered":"https:\/\/www.alfonsea.com\/?p=729"},"modified":"2026-03-09T11:15:53","modified_gmt":"2026-03-09T11:15:53","slug":"invalidez-absoluta-y-empresa-familiar","status":"publish","type":"post","link":"https:\/\/www.alfonsea.com\/es\/invalidez-absoluta-y-empresa-familiar\/","title":{"rendered":"Invalidez absoluta y empresa familiar"},"content":{"rendered":"<p>Uno de los requisitos para la\u00a0exenci\u00f3n\u00a0en el Impuesto del Patrimonio y la\u00a0reducci\u00f3n\u00a0en el Impuesto de Sucesiones de la transmisi\u00f3n del negocio familiar es que el transmitente realice la actividad de forma habitual, personal y directa.<\/p>\n<p>Pero, \u00bfqu\u00e9 ocurre si la persona en que se pretende basar dicho requisito se encuentra en situaci\u00f3n de incapacidad permanente en grado de\u00a0invalidez\u00a0absoluta?<\/p>\n<p>Por un lado, Hacienda ya ha manifestado, apoy\u00e1ndose en la opini\u00f3n de la Seguridad Social que la percepci\u00f3n de una\u00a0<a href=\"https:\/\/www.alfonsea.com\/jubilacion-y-empresa-familiar\/\" target=\"_blank\" rel=\"noopener noreferrer\"><strong>pensi\u00f3n por jubilaci\u00f3n<\/strong><\/a>\u00a0es incompatible con el beneficio fiscal.<\/p>\n<p>Por otro lado, los tribunales han dado raz\u00f3n a actuaciones inspectoras en los que se negaba la reducci\u00f3n alegando que se hab\u00eda evidenciado que el titular actuaba mayoritariamente a trav\u00e9s de representantes o mandatarios de forma que no realizaba la actividad de forma habitual y personal sino de forma peri\u00f3dica y puntual. Por tanto, si las limitaciones del titular no le permiten estar dirigiendo el d\u00eda a d\u00eda del negocio va a ser muy dif\u00edcil acceder al incentivo.<\/p>\n<p>&nbsp;<\/p>\n","protected":false},"excerpt":{"rendered":"<p>Uno de los requisitos para la\u00a0exenci\u00f3n\u00a0en el Impuesto del Patrimonio y la\u00a0reducci\u00f3n\u00a0en el Impuesto de Sucesiones de la transmisi\u00f3n del negocio familiar es que el transmitente realice la actividad de forma habitual, personal y directa. Pero, \u00bfqu\u00e9 ocurre si la persona en que se pretende basar dicho requisito se encuentra en situaci\u00f3n de incapacidad permanente [&hellip;]<\/p>\n","protected":false},"author":6,"featured_media":730,"comment_status":"open","ping_status":"open","sticky":false,"template":"","format":"standard","meta":{"_et_pb_use_builder":"","_et_pb_old_content":"","_et_gb_content_width":"","footnotes":""},"categories":[52],"tags":[],"yoast_head":"<!-- This site is optimized with the Yoast SEO plugin v22.6 - https:\/\/yoast.com\/wordpress\/plugins\/seo\/ -->\n<title>Invalidez absoluta y empresa familiar<\/title>\n<meta name=\"description\" content=\"Uno de los requisitos para la\u00a0exenci\u00f3n\u00a0en el Impuesto del Patrimonio y la\u00a0reducci\u00f3n\u00a0en el Impuesto de Sucesiones de la transmisi\u00f3n del negocio familiar es\" \/>\n<meta name=\"robots\" content=\"index, follow, max-snippet:-1, max-image-preview:large, max-video-preview:-1\" \/>\n<link rel=\"canonical\" href=\"https:\/\/www.alfonsea.com\/es\/invalidez-absoluta-y-empresa-familiar\/\" \/>\n<meta property=\"og:locale\" content=\"es_ES\" \/>\n<meta property=\"og:type\" content=\"article\" \/>\n<meta property=\"og:title\" content=\"Invalidez absoluta y empresa familiar\" \/>\n<meta property=\"og:description\" content=\"Uno de los requisitos para la\u00a0exenci\u00f3n\u00a0en el Impuesto del Patrimonio y la\u00a0reducci\u00f3n\u00a0en el Impuesto de Sucesiones de la transmisi\u00f3n del negocio familiar es\" \/>\n<meta property=\"og:url\" content=\"https:\/\/www.alfonsea.com\/es\/invalidez-absoluta-y-empresa-familiar\/\" \/>\n<meta property=\"og:site_name\" content=\"Alfonsea\" \/>\n<meta property=\"article:published_time\" content=\"2026-02-15T15:06:43+00:00\" \/>\n<meta property=\"article:modified_time\" content=\"2026-03-09T11:15:53+00:00\" \/>\n<meta property=\"og:image\" content=\"https:\/\/www.alfonsea.com\/wp-content\/uploads\/2020\/04\/loc18-PILAR22.jpg\" \/>\n\t<meta property=\"og:image:width\" content=\"594\" \/>\n\t<meta property=\"og:image:height\" content=\"381\" \/>\n\t<meta property=\"og:image:type\" content=\"image\/jpeg\" \/>\n<meta name=\"author\" content=\"Digital Services\" \/>\n<meta name=\"twitter:card\" content=\"summary_large_image\" \/>\n<meta name=\"twitter:label1\" content=\"Escrito por\" \/>\n\t<meta name=\"twitter:data1\" content=\"Digital Services\" \/>\n\t<meta name=\"twitter:label2\" content=\"Tiempo de lectura\" \/>\n\t<meta name=\"twitter:data2\" content=\"1 minuto\" \/>\n<script type=\"application\/ld+json\" class=\"yoast-schema-graph\">{\"@context\":\"https:\/\/schema.org\",\"@graph\":[{\"@type\":\"Article\",\"@id\":\"https:\/\/www.alfonsea.com\/es\/invalidez-absoluta-y-empresa-familiar\/#article\",\"isPartOf\":{\"@id\":\"https:\/\/www.alfonsea.com\/es\/invalidez-absoluta-y-empresa-familiar\/\"},\"author\":{\"name\":\"Digital Services\",\"@id\":\"https:\/\/www.alfonsea.com\/#\/schema\/person\/16c5af9813c5676046f9b6bf9945d82f\"},\"headline\":\"Invalidez absoluta y empresa familiar\",\"datePublished\":\"2026-02-15T15:06:43+00:00\",\"dateModified\":\"2026-03-09T11:15:53+00:00\",\"mainEntityOfPage\":{\"@id\":\"https:\/\/www.alfonsea.com\/es\/invalidez-absoluta-y-empresa-familiar\/\"},\"wordCount\":194,\"commentCount\":0,\"publisher\":{\"@id\":\"https:\/\/www.alfonsea.com\/#organization\"},\"image\":{\"@id\":\"https:\/\/www.alfonsea.com\/es\/invalidez-absoluta-y-empresa-familiar\/#primaryimage\"},\"thumbnailUrl\":\"https:\/\/www.alfonsea.com\/wp-content\/uploads\/2020\/04\/loc18-PILAR22.jpg\",\"articleSection\":[\"Consejos fiscales\"],\"inLanguage\":\"es\",\"potentialAction\":[{\"@type\":\"CommentAction\",\"name\":\"Comment\",\"target\":[\"https:\/\/www.alfonsea.com\/es\/invalidez-absoluta-y-empresa-familiar\/#respond\"]}]},{\"@type\":\"WebPage\",\"@id\":\"https:\/\/www.alfonsea.com\/es\/invalidez-absoluta-y-empresa-familiar\/\",\"url\":\"https:\/\/www.alfonsea.com\/es\/invalidez-absoluta-y-empresa-familiar\/\",\"name\":\"Invalidez absoluta y empresa familiar\",\"isPartOf\":{\"@id\":\"https:\/\/www.alfonsea.com\/#website\"},\"primaryImageOfPage\":{\"@id\":\"https:\/\/www.alfonsea.com\/es\/invalidez-absoluta-y-empresa-familiar\/#primaryimage\"},\"image\":{\"@id\":\"https:\/\/www.alfonsea.com\/es\/invalidez-absoluta-y-empresa-familiar\/#primaryimage\"},\"thumbnailUrl\":\"https:\/\/www.alfonsea.com\/wp-content\/uploads\/2020\/04\/loc18-PILAR22.jpg\",\"datePublished\":\"2026-02-15T15:06:43+00:00\",\"dateModified\":\"2026-03-09T11:15:53+00:00\",\"description\":\"Uno de los requisitos para la\u00a0exenci\u00f3n\u00a0en el Impuesto del Patrimonio y la\u00a0reducci\u00f3n\u00a0en el Impuesto de Sucesiones de la transmisi\u00f3n del negocio familiar es\",\"breadcrumb\":{\"@id\":\"https:\/\/www.alfonsea.com\/es\/invalidez-absoluta-y-empresa-familiar\/#breadcrumb\"},\"inLanguage\":\"es\",\"potentialAction\":[{\"@type\":\"ReadAction\",\"target\":[\"https:\/\/www.alfonsea.com\/es\/invalidez-absoluta-y-empresa-familiar\/\"]}]},{\"@type\":\"ImageObject\",\"inLanguage\":\"es\",\"@id\":\"https:\/\/www.alfonsea.com\/es\/invalidez-absoluta-y-empresa-familiar\/#primaryimage\",\"url\":\"https:\/\/www.alfonsea.com\/wp-content\/uploads\/2020\/04\/loc18-PILAR22.jpg\",\"contentUrl\":\"https:\/\/www.alfonsea.com\/wp-content\/uploads\/2020\/04\/loc18-PILAR22.jpg\",\"width\":594,\"height\":381,\"caption\":\"Invalidez\"},{\"@type\":\"BreadcrumbList\",\"@id\":\"https:\/\/www.alfonsea.com\/es\/invalidez-absoluta-y-empresa-familiar\/#breadcrumb\",\"itemListElement\":[{\"@type\":\"ListItem\",\"position\":1,\"name\":\"Home\",\"item\":\"https:\/\/www.alfonsea.com\/es\/\"},{\"@type\":\"ListItem\",\"position\":2,\"name\":\"Invalidez absoluta y empresa familiar\"}]},{\"@type\":\"WebSite\",\"@id\":\"https:\/\/www.alfonsea.com\/#website\",\"url\":\"https:\/\/www.alfonsea.com\/\",\"name\":\"Alfonsea\",\"description\":\"Specialists in Bussiness and Tax advising since 1995  \",\"publisher\":{\"@id\":\"https:\/\/www.alfonsea.com\/#organization\"},\"potentialAction\":[{\"@type\":\"SearchAction\",\"target\":{\"@type\":\"EntryPoint\",\"urlTemplate\":\"https:\/\/www.alfonsea.com\/?s={search_term_string}\"},\"query-input\":\"required name=search_term_string\"}],\"inLanguage\":\"es\"},{\"@type\":\"Organization\",\"@id\":\"https:\/\/www.alfonsea.com\/#organization\",\"name\":\"Alfonsea\",\"url\":\"https:\/\/www.alfonsea.com\/\",\"logo\":{\"@type\":\"ImageObject\",\"inLanguage\":\"es\",\"@id\":\"https:\/\/www.alfonsea.com\/#\/schema\/logo\/image\/\",\"url\":\"https:\/\/www.alfonsea.com\/wp-content\/uploads\/2020\/03\/logo_alfonsea_1.png\",\"contentUrl\":\"https:\/\/www.alfonsea.com\/wp-content\/uploads\/2020\/03\/logo_alfonsea_1.png\",\"width\":838,\"height\":343,\"caption\":\"Alfonsea\"},\"image\":{\"@id\":\"https:\/\/www.alfonsea.com\/#\/schema\/logo\/image\/\"}},{\"@type\":\"Person\",\"@id\":\"https:\/\/www.alfonsea.com\/#\/schema\/person\/16c5af9813c5676046f9b6bf9945d82f\",\"name\":\"Digital Services\",\"image\":{\"@type\":\"ImageObject\",\"inLanguage\":\"es\",\"@id\":\"https:\/\/www.alfonsea.com\/#\/schema\/person\/image\/\",\"url\":\"https:\/\/secure.gravatar.com\/avatar\/8f6f533b241877ec0f1bc40b600499cf?s=96&d=mm&r=g\",\"contentUrl\":\"https:\/\/secure.gravatar.com\/avatar\/8f6f533b241877ec0f1bc40b600499cf?s=96&d=mm&r=g\",\"caption\":\"Digital Services\"}}]}<\/script>\n<!-- \/ Yoast SEO plugin. -->","yoast_head_json":{"title":"Invalidez absoluta y empresa familiar","description":"Uno de los requisitos para la\u00a0exenci\u00f3n\u00a0en el Impuesto del Patrimonio y la\u00a0reducci\u00f3n\u00a0en el Impuesto de Sucesiones de la transmisi\u00f3n del negocio familiar es","robots":{"index":"index","follow":"follow","max-snippet":"max-snippet:-1","max-image-preview":"max-image-preview:large","max-video-preview":"max-video-preview:-1"},"canonical":"https:\/\/www.alfonsea.com\/es\/invalidez-absoluta-y-empresa-familiar\/","og_locale":"es_ES","og_type":"article","og_title":"Invalidez absoluta y empresa familiar","og_description":"Uno de los requisitos para la\u00a0exenci\u00f3n\u00a0en el Impuesto del Patrimonio y la\u00a0reducci\u00f3n\u00a0en el Impuesto de Sucesiones de la transmisi\u00f3n del negocio familiar es","og_url":"https:\/\/www.alfonsea.com\/es\/invalidez-absoluta-y-empresa-familiar\/","og_site_name":"Alfonsea","article_published_time":"2026-02-15T15:06:43+00:00","article_modified_time":"2026-03-09T11:15:53+00:00","og_image":[{"width":594,"height":381,"url":"https:\/\/www.alfonsea.com\/wp-content\/uploads\/2020\/04\/loc18-PILAR22.jpg","type":"image\/jpeg"}],"author":"Digital Services","twitter_card":"summary_large_image","twitter_misc":{"Escrito por":"Digital Services","Tiempo de lectura":"1 minuto"},"schema":{"@context":"https:\/\/schema.org","@graph":[{"@type":"Article","@id":"https:\/\/www.alfonsea.com\/es\/invalidez-absoluta-y-empresa-familiar\/#article","isPartOf":{"@id":"https:\/\/www.alfonsea.com\/es\/invalidez-absoluta-y-empresa-familiar\/"},"author":{"name":"Digital Services","@id":"https:\/\/www.alfonsea.com\/#\/schema\/person\/16c5af9813c5676046f9b6bf9945d82f"},"headline":"Invalidez absoluta y empresa familiar","datePublished":"2026-02-15T15:06:43+00:00","dateModified":"2026-03-09T11:15:53+00:00","mainEntityOfPage":{"@id":"https:\/\/www.alfonsea.com\/es\/invalidez-absoluta-y-empresa-familiar\/"},"wordCount":194,"commentCount":0,"publisher":{"@id":"https:\/\/www.alfonsea.com\/#organization"},"image":{"@id":"https:\/\/www.alfonsea.com\/es\/invalidez-absoluta-y-empresa-familiar\/#primaryimage"},"thumbnailUrl":"https:\/\/www.alfonsea.com\/wp-content\/uploads\/2020\/04\/loc18-PILAR22.jpg","articleSection":["Consejos fiscales"],"inLanguage":"es","potentialAction":[{"@type":"CommentAction","name":"Comment","target":["https:\/\/www.alfonsea.com\/es\/invalidez-absoluta-y-empresa-familiar\/#respond"]}]},{"@type":"WebPage","@id":"https:\/\/www.alfonsea.com\/es\/invalidez-absoluta-y-empresa-familiar\/","url":"https:\/\/www.alfonsea.com\/es\/invalidez-absoluta-y-empresa-familiar\/","name":"Invalidez absoluta y empresa familiar","isPartOf":{"@id":"https:\/\/www.alfonsea.com\/#website"},"primaryImageOfPage":{"@id":"https:\/\/www.alfonsea.com\/es\/invalidez-absoluta-y-empresa-familiar\/#primaryimage"},"image":{"@id":"https:\/\/www.alfonsea.com\/es\/invalidez-absoluta-y-empresa-familiar\/#primaryimage"},"thumbnailUrl":"https:\/\/www.alfonsea.com\/wp-content\/uploads\/2020\/04\/loc18-PILAR22.jpg","datePublished":"2026-02-15T15:06:43+00:00","dateModified":"2026-03-09T11:15:53+00:00","description":"Uno de los requisitos para la\u00a0exenci\u00f3n\u00a0en el Impuesto del Patrimonio y la\u00a0reducci\u00f3n\u00a0en el Impuesto de Sucesiones de la transmisi\u00f3n del negocio familiar es","breadcrumb":{"@id":"https:\/\/www.alfonsea.com\/es\/invalidez-absoluta-y-empresa-familiar\/#breadcrumb"},"inLanguage":"es","potentialAction":[{"@type":"ReadAction","target":["https:\/\/www.alfonsea.com\/es\/invalidez-absoluta-y-empresa-familiar\/"]}]},{"@type":"ImageObject","inLanguage":"es","@id":"https:\/\/www.alfonsea.com\/es\/invalidez-absoluta-y-empresa-familiar\/#primaryimage","url":"https:\/\/www.alfonsea.com\/wp-content\/uploads\/2020\/04\/loc18-PILAR22.jpg","contentUrl":"https:\/\/www.alfonsea.com\/wp-content\/uploads\/2020\/04\/loc18-PILAR22.jpg","width":594,"height":381,"caption":"Invalidez"},{"@type":"BreadcrumbList","@id":"https:\/\/www.alfonsea.com\/es\/invalidez-absoluta-y-empresa-familiar\/#breadcrumb","itemListElement":[{"@type":"ListItem","position":1,"name":"Home","item":"https:\/\/www.alfonsea.com\/es\/"},{"@type":"ListItem","position":2,"name":"Invalidez absoluta y empresa familiar"}]},{"@type":"WebSite","@id":"https:\/\/www.alfonsea.com\/#website","url":"https:\/\/www.alfonsea.com\/","name":"Alfonsea","description":"Specialists in Bussiness and Tax advising since 1995  ","publisher":{"@id":"https:\/\/www.alfonsea.com\/#organization"},"potentialAction":[{"@type":"SearchAction","target":{"@type":"EntryPoint","urlTemplate":"https:\/\/www.alfonsea.com\/?s={search_term_string}"},"query-input":"required name=search_term_string"}],"inLanguage":"es"},{"@type":"Organization","@id":"https:\/\/www.alfonsea.com\/#organization","name":"Alfonsea","url":"https:\/\/www.alfonsea.com\/","logo":{"@type":"ImageObject","inLanguage":"es","@id":"https:\/\/www.alfonsea.com\/#\/schema\/logo\/image\/","url":"https:\/\/www.alfonsea.com\/wp-content\/uploads\/2020\/03\/logo_alfonsea_1.png","contentUrl":"https:\/\/www.alfonsea.com\/wp-content\/uploads\/2020\/03\/logo_alfonsea_1.png","width":838,"height":343,"caption":"Alfonsea"},"image":{"@id":"https:\/\/www.alfonsea.com\/#\/schema\/logo\/image\/"}},{"@type":"Person","@id":"https:\/\/www.alfonsea.com\/#\/schema\/person\/16c5af9813c5676046f9b6bf9945d82f","name":"Digital Services","image":{"@type":"ImageObject","inLanguage":"es","@id":"https:\/\/www.alfonsea.com\/#\/schema\/person\/image\/","url":"https:\/\/secure.gravatar.com\/avatar\/8f6f533b241877ec0f1bc40b600499cf?s=96&d=mm&r=g","contentUrl":"https:\/\/secure.gravatar.com\/avatar\/8f6f533b241877ec0f1bc40b600499cf?s=96&d=mm&r=g","caption":"Digital Services"}}]}},"_links":{"self":[{"href":"https:\/\/www.alfonsea.com\/es\/wp-json\/wp\/v2\/posts\/729"}],"collection":[{"href":"https:\/\/www.alfonsea.com\/es\/wp-json\/wp\/v2\/posts"}],"about":[{"href":"https:\/\/www.alfonsea.com\/es\/wp-json\/wp\/v2\/types\/post"}],"author":[{"embeddable":true,"href":"https:\/\/www.alfonsea.com\/es\/wp-json\/wp\/v2\/users\/6"}],"replies":[{"embeddable":true,"href":"https:\/\/www.alfonsea.com\/es\/wp-json\/wp\/v2\/comments?post=729"}],"version-history":[{"count":1,"href":"https:\/\/www.alfonsea.com\/es\/wp-json\/wp\/v2\/posts\/729\/revisions"}],"predecessor-version":[{"id":732,"href":"https:\/\/www.alfonsea.com\/es\/wp-json\/wp\/v2\/posts\/729\/revisions\/732"}],"wp:featuredmedia":[{"embeddable":true,"href":"https:\/\/www.alfonsea.com\/es\/wp-json\/wp\/v2\/media\/730"}],"wp:attachment":[{"href":"https:\/\/www.alfonsea.com\/es\/wp-json\/wp\/v2\/media?parent=729"}],"wp:term":[{"taxonomy":"category","embeddable":true,"href":"https:\/\/www.alfonsea.com\/es\/wp-json\/wp\/v2\/categories?post=729"},{"taxonomy":"post_tag","embeddable":true,"href":"https:\/\/www.alfonsea.com\/es\/wp-json\/wp\/v2\/tags?post=729"}],"curies":[{"name":"wp","href":"https:\/\/api.w.org\/{rel}","templated":true}]}}